{"id":7297,"date":"2022-12-12T09:05:05","date_gmt":"2022-12-12T07:05:05","guid":{"rendered":"http:\/\/tosine.fi\/?p=7297"},"modified":"2022-12-12T09:06:24","modified_gmt":"2022-12-12T07:06:24","slug":"tosineen-loppuvuosi","status":"publish","type":"post","link":"https:\/\/tosine.fi\/?p=7297","title":{"rendered":"Tosineen loppuvuosi"},"content":{"rendered":"<p>Vuoden viimeiset tapahtumat ker\u00e4siv\u00e4t huiman m\u00e4\u00e4r\u00e4n osallistujia sek\u00e4 erityisen hyv\u00e4\u00e4 palautetta. Puolen vuoden suunnittelun tuloksena saatiin aikaan ainej\u00e4rjest\u00f6n 63. vuosijuhlat. Illan aikana nautittiin puheista, ruoasta ja juomasta sek\u00e4 mukavasta seurasta. Pukuloistoinen ilta oli kaunis ja virkist\u00e4v\u00e4 muistutus ainej\u00e4rjest\u00f6n yhten\u00e4isyydest\u00e4.<\/p>\n<figure id=\"attachment_7244\" aria-describedby=\"caption-attachment-7244\" style=\"width: 850px\" class=\"wp-caption alignnone\"><a href=\"http:\/\/tosine.fi\/wp-content\/uploads\/2022\/11\/IMG_9601-scaled.jpg\"><img loading=\"lazy\" decoding=\"async\" class=\"wp-image-7244 size-medium\" src=\"http:\/\/tosine.fi\/wp-content\/uploads\/2022\/11\/IMG_9601-850x478.jpg\" alt=\"\" width=\"850\" height=\"478\" srcset=\"https:\/\/tosine.fi\/wp-content\/uploads\/2022\/11\/IMG_9601-850x478.jpg 850w, https:\/\/tosine.fi\/wp-content\/uploads\/2022\/11\/IMG_9601-1200x675.jpg 1200w, https:\/\/tosine.fi\/wp-content\/uploads\/2022\/11\/IMG_9601-250x141.jpg 250w\" sizes=\"auto, (max-width: 767px) 89vw, (max-width: 1000px) 54vw, (max-width: 1071px) 543px, 580px\" \/><\/a><figcaption id=\"caption-attachment-7244\" class=\"wp-caption-text\">Lis\u00e4\u00e4 tunnelmia l\u00f6ytyy aiemmasta artikkelista sek\u00e4 nettisivujen kuvagalleriasta.<\/figcaption><\/figure>\n<p>Tosineessa on tehty j\u00e4lleen my\u00f6s yhteisty\u00f6t\u00e4. Marraskuussa pelattiin lautapelej\u00e4 yhdess\u00e4 Nefan kanssa sek\u00e4 osallistuttiin Linkedln-ty\u00f6pajaan Emile ry:n avustuksella. My\u00f6sk\u00e4\u00e4n yht\u00e4 t\u00e4rkeint\u00e4 yhteisty\u00f6kaveria, eli Helan laitosta, ei unohdettu, sill\u00e4 laitoksen henkil\u00f6kunnan kanssa on keskusteltu kopo-asioihin liittyen sek\u00e4 Lucian p\u00e4iv\u00e4 kunniaksi h\u00f6rpp\u00e4ist\u00e4\u00e4n viel\u00e4 gl\u00f6git vuoden p\u00e4\u00e4ttymiselle. Samaisena p\u00e4iv\u00e4n\u00e4 tullaan viel\u00e4 kyykk\u00e4\u00e4m\u00e4\u00e4n yhdess\u00e4 Ynn\u00e4 ry:n kanssa ja jokainen tosinisti on n\u00e4ihin pirskeisiin tervetullut!<\/p>\n<p>Tapahtumasektorin puolesta vuoden tapahtumat kruunasi fuksien j\u00e4rjest\u00e4m\u00e4t pikkujoulut. Pikkujouluissa p\u00e4\u00e4stiin t\u00e4n\u00e4 vuonna risteilem\u00e4\u00e4n ja meininki olikin sen mukaista! Illan aikana koettiin erilaisia (pikku)jouluisia esityksi\u00e4 sek\u00e4 puuro- ja gl\u00f6gitarjoilua. N\u00e4yttikin silt\u00e4, ett\u00e4 my\u00f6s joulupukki oli ehtinyt kiireilt\u00e4\u00e4n vaihtaa edes hetkeksi vapaalle, sill\u00e4 h\u00e4n viihtyi tosinistien seurassa koko pitk\u00e4n illan ajan.<\/p>\n<p><a href=\"http:\/\/tosine.fi\/wp-content\/uploads\/2022\/12\/IMG_0301-scaled.jpg\"><img loading=\"lazy\" decoding=\"async\" class=\"alignnone size-medium wp-image-7283\" src=\"http:\/\/tosine.fi\/wp-content\/uploads\/2022\/12\/IMG_0301-850x478.jpg\" alt=\"\" width=\"850\" height=\"478\" srcset=\"https:\/\/tosine.fi\/wp-content\/uploads\/2022\/12\/IMG_0301-850x478.jpg 850w, https:\/\/tosine.fi\/wp-content\/uploads\/2022\/12\/IMG_0301-1200x675.jpg 1200w, https:\/\/tosine.fi\/wp-content\/uploads\/2022\/12\/IMG_0301-250x141.jpg 250w\" sizes=\"auto, (max-width: 767px) 89vw, (max-width: 1000px) 54vw, (max-width: 1071px) 543px, 580px\" \/><\/a><\/p>\n<p><a href=\"http:\/\/tosine.fi\/wp-content\/uploads\/2022\/12\/IMG_0242-scaled.jpg\"><img loading=\"lazy\" decoding=\"async\" class=\"alignnone size-medium wp-image-7268\" src=\"http:\/\/tosine.fi\/wp-content\/uploads\/2022\/12\/IMG_0242-850x478.jpg\" alt=\"\" width=\"850\" height=\"478\" srcset=\"https:\/\/tosine.fi\/wp-content\/uploads\/2022\/12\/IMG_0242-850x478.jpg 850w, https:\/\/tosine.fi\/wp-content\/uploads\/2022\/12\/IMG_0242-1200x675.jpg 1200w, https:\/\/tosine.fi\/wp-content\/uploads\/2022\/12\/IMG_0242-250x141.jpg 250w\" sizes=\"auto, (max-width: 767px) 89vw, (max-width: 1000px) 54vw, (max-width: 1071px) 543px, 580px\" \/><\/a><\/p>\n<figure id=\"attachment_7281\" aria-describedby=\"caption-attachment-7281\" style=\"width: 850px\" class=\"wp-caption alignnone\"><a href=\"http:\/\/tosine.fi\/wp-content\/uploads\/2022\/12\/IMG_0305-scaled.jpg\"><img loading=\"lazy\" decoding=\"async\" class=\"wp-image-7281 size-medium\" src=\"http:\/\/tosine.fi\/wp-content\/uploads\/2022\/12\/IMG_0305-850x478.jpg\" alt=\"\" width=\"850\" height=\"478\" srcset=\"https:\/\/tosine.fi\/wp-content\/uploads\/2022\/12\/IMG_0305-850x478.jpg 850w, https:\/\/tosine.fi\/wp-content\/uploads\/2022\/12\/IMG_0305-1200x675.jpg 1200w, https:\/\/tosine.fi\/wp-content\/uploads\/2022\/12\/IMG_0305-250x141.jpg 250w\" sizes=\"auto, (max-width: 767px) 89vw, (max-width: 1000px) 54vw, (max-width: 1071px) 543px, 580px\" \/><\/a><figcaption id=\"caption-attachment-7281\" class=\"wp-caption-text\">Pukki viihteell\u00e4?!<\/figcaption><\/figure>\n<p>Lis\u00e4\u00e4 tunnelmia pikkujouluista sek\u00e4 pikkutuhmasta risteilyporukasta l\u00f6ytyy nettisivujen kuvagalleriasta.<\/p>\n<p>N\u00e4ill\u00e4 sanoilla alemmekin pian hiljentym\u00e4\u00e4n joulunviettoon. My\u00f6s Tosineen kohdalla sanonta &#8221;uusi vuosi, uudet kujeet&#8221; pit\u00e4\u00e4 paikkansa, sill\u00e4 Tosineen seuraava hallitus aloittaa teht\u00e4v\u00e4ss\u00e4\u00e4n vuoden alussa. Nettisivujen yhteystiedot p\u00e4ivitet\u00e4\u00e4n ajantasalle niinkin pian kuin mahdollista, jolloin mutkaton yhteydenotto on edelleen(kin) mahdollista. Palaillaan remmiin lev\u00e4nnein\u00e4 ja intoa t\u00e4ynn\u00e4 j\u00e4lleen ensi vuonna!<\/p>\n","protected":false},"excerpt":{"rendered":"<p>Vuoden viimeiset tapahtumat ker\u00e4siv\u00e4t huiman m\u00e4\u00e4r\u00e4n osallistujia sek\u00e4 erityisen hyv\u00e4\u00e4 palautetta. Puolen vuoden suunnittelun tuloksena saatiin aikaan ainej\u00e4rjest\u00f6n 63. vuosijuhlat. Illan aikana nautittiin puheista, ruoasta ja juomasta sek\u00e4 mukavasta seurasta. &hellip; <\/p>\n<p class=\"link-more\"><a href=\"https:\/\/tosine.fi\/?p=7297\" class=\"more-link\">Jatka lukemista<span class=\"screen-reader-text\"> &#8221;Tosineen loppuvuosi&#8221;<\/span><\/a><\/p>\n","protected":false},"author":1,"featured_media":0,"comment_status":"open","ping_status":"open","sticky":false,"template":"","format":"standard","meta":{"footnotes":""},"categories":[1],"tags":[],"class_list":["post-7297","post","type-post","status-publish","format-standard","hentry","category-yleinen"],"_links":{"self":[{"href":"https:\/\/tosine.fi\/index.php?rest_route=\/wp\/v2\/posts\/7297","targetHints":{"allow":["GET"]}}],"collection":[{"href":"https:\/\/tosine.fi\/index.php?rest_route=\/wp\/v2\/posts"}],"about":[{"href":"https:\/\/tosine.fi\/index.php?rest_route=\/wp\/v2\/types\/post"}],"author":[{"embeddable":true,"href":"https:\/\/tosine.fi\/index.php?rest_route=\/wp\/v2\/users\/1"}],"replies":[{"embeddable":true,"href":"https:\/\/tosine.fi\/index.php?rest_route=%2Fwp%2Fv2%2Fcomments&post=7297"}],"version-history":[{"count":3,"href":"https:\/\/tosine.fi\/index.php?rest_route=\/wp\/v2\/posts\/7297\/revisions"}],"predecessor-version":[{"id":7300,"href":"https:\/\/tosine.fi\/index.php?rest_route=\/wp\/v2\/posts\/7297\/revisions\/7300"}],"wp:attachment":[{"href":"https:\/\/tosine.fi\/index.php?rest_route=%2Fwp%2Fv2%2Fmedia&parent=7297"}],"wp:term":[{"taxonomy":"category","embeddable":true,"href":"https:\/\/tosine.fi\/index.php?rest_route=%2Fwp%2Fv2%2Fcategories&post=7297"},{"taxonomy":"post_tag","embeddable":true,"href":"https:\/\/tosine.fi\/index.php?rest_route=%2Fwp%2Fv2%2Ftags&post=7297"}],"curies":[{"name":"wp","href":"https:\/\/api.w.org\/{rel}","templated":true}]}}